{"id":955,"date":"2013-05-21T18:52:59","date_gmt":"2013-05-21T18:52:59","guid":{"rendered":"http:\/\/sylviatubbesing.de\/Gedankenfluege\/?p=955"},"modified":"2013-05-21T18:52:59","modified_gmt":"2013-05-21T18:52:59","slug":"traume","status":"publish","type":"post","link":"https:\/\/tubbsis.de\/?p=955","title":{"rendered":"Tr\u00e4ume&#8230;."},"content":{"rendered":"<h1><span style=\"color: #ff6600;\"><strong>&#8222;Tr\u00e4ume gehen nicht in Rente&#8220;<\/strong> <\/span><span style=\"color: #ff6600;\">\u00a0 <\/span><\/h1>\n<h3><span style=\"color: #ff6600;\">\u00a9 Karlheinz Karius<\/span><\/h3>\n<p>Ich wei\u00df, dass Karlheinz da vollkommen Recht hat, denn wer, wenn nicht er, kann genau das beurteilen? Nun manchmal ist man schneller auf dem Weg Richtung Rente, als man sich das vorstellt. Und erreicht nicht unbedingt die Mindesaltersgrenze, weil die Gesundheit ein ganz grosses Warnschild hinh\u00e4ngt.<\/p>\n<p>Vielleicht wollte man bis dahin zu viel? Gerade in unserer Leistungsgesellschaft geht es fast nur noch darum, dass alles schneller, gr\u00f6sser, besser wird. Zeit f\u00fcr sich selbst und Zeit f\u00fcr die eigenenen Ideen bleiben meistens unter dem Druck der Firmenvorst\u00e4nde zur\u00fcck. \u00a0Wenn jemand seine Leidenschaft zum Beruf gemacht hat, kann er in seine Arbeit vielleicht noch sich selbst einbringen. Was ist aber mit all den anderen?<\/p>\n<p>Gute Frage, die ich nicht beantworten kann. Denn eines habe ich lernen m\u00fcssen, was andere machen ist nicht mein Problem. Wenn sie in ihrem Hamsterrad laufen und immer wieder die gleichen Fehler machen, so kann ich denen nicht helfen. Will ich auch gar nicht mehr. Klingt egoistisch? Ist es auch. Geb ich zu. Kommt einer und bittet um Hilfe, will sich aber auch selber helfen lassen, ist es noch was anderes. Nur &#8211; sind es im Umkreis irgendwie ja immer die gleichen Leute, die um Hilfe schreien, obwohl man es schon x mal erkl\u00e4rt hat. Bei solchen &#8211; ist mein Entschluss mache ich einen Bogen, denk an Dich und die die es wert sind.<\/p>\n<p>Ich muss mich auch nicht vor jeden Karren spannen lassen.<br \/>\nUnd auch wenn viele mich bel\u00e4cheln und mir genug Steine in den Weg geworfen werden, so gehe ich meinen Weg weiter. Meine Einstellung zu &#8222;Gruppen&#8220; kennen einige bereits. Und wie hat mir neulich ein guter Freund bei einem kurzen Telefonat gesagt: &#8220; Wenn wir einen Verein gr\u00fcnden w\u00fcrden, weiss ich, w\u00e4rst Du schon auf der Flucht.&#8220;<\/p>\n<p>Nun ich sehe es nicht so ganz extrem wie Reinhard Mey, der zu dem Thema auch sehr wohl Stellung genommen hat &#8211;\u00a0 aber er hat mit dem Augenzwinkern sicher Recht.<\/p>\n<p><iframe loading=\"lazy\" title=\"Reinhard Mey - Bevor ich mit den Wolfen heulen\" frameborder=\"0\" width=\"640\" height=\"480\" src=\"https:\/\/geo.dailymotion.com\/player.html?video=x2y77m&#038;\" allowfullscreen allow=\"autoplay; fullscreen; picture-in-picture; web-share\"><\/iframe><\/p>\n<p>Ich sch\u00e4tze gute Arbeit im Team, wo man aber auch als Team arbeitet, jeder seine Ideen einbringen kann, sind sie vielleicht auch im ersten Moment etwas &#8222;gew\u00f6hnungsbed\u00fcrftig&#8220; oder gar &#8222;unm\u00f6glich&#8220;.\u00a0Menschen m\u00fcssen nicht immer einer Meinung sein, aber sie k\u00f6nnen gerade in einem Team ihre Standpunkte sachlich deutlich machen und trotzdem die Meinung des anderen akzeptieren. Und das ohne gegenseitig aufeinander rumzuhacken. Das ist m\u00f6glich? Vielleicht auch nur ein Traum. In kleinem Kreis ist das meist eher m\u00f6glich. Und vielleicht hat Reinhard da ja schon Recht, mehr als 2 sind eine Gruppe &#8211;<\/p>\n<p>Allerdings, dass hat schon Heinrich Heine festgestellt, sollte der zweite genauso verr\u00fcckt sein, wie man selbst.<\/p>\n<p>Am besten wird man selber wach. Mich zu wecken, wenn ich noch feste schlafe und gar am Tr\u00e4umen bin, sollte man besser vermeiden, daher:<\/p>\n<p><span style=\"color: #00000a;\"><span style=\"font-family: Segoe Print;\">Ich wach ab und an gerne auf und setz meinen Traum in die Tat um. \u00a9Sylvia Tubbesing<\/span><\/span><\/p>\n<p>Aber ein sehr guter Freund, darf einen auch wecken. Wenn er dann noch Kaffee dabei hat, kann man ja gemeinsam weitertr\u00e4umen. Das d\u00fcrfen aber nur ganz wenige und der Kaffee muss wirklich gut sein.<\/p>\n<p>Nur in wachem Zustand kann man gemeinsam tr\u00e4umen, klar bleibt ein bissel die Angst, sie k\u00f6nnten zerplatzen.<\/p>\n<p><a href=\"http:\/\/sylviatubbesing.de\/Gedankenfluege\/wp-content\/uploads\/2013\/05\/Seifenblasen.jpg\"><img loading=\"lazy\" decoding=\"async\" class=\"alignleft size-medium wp-image-957\" alt=\"Bubble on Bubble Wand\" src=\"http:\/\/sylviatubbesing.de\/Gedankenfluege\/wp-content\/uploads\/2013\/05\/Seifenblasen-240x300.jpg\" width=\"454\" height=\"568\" \/><\/a><\/p>\n<p>&nbsp;<\/p>\n<p>&nbsp;<\/p>\n<p>&nbsp;<\/p>\n<p>&nbsp;<\/p>\n<p>&nbsp;<\/p>\n<p>&nbsp;<\/p>\n<p>&nbsp;<\/p>\n<p>&nbsp;<\/p>\n<p>&nbsp;<\/p>\n<p>Aber vielleicht werden sie ja auch nur sch\u00f6ner, bunter und greifbarer und realer, wenn zwei Ver\u00fcckte \u00e4hnliches tr\u00e4umen, f\u00e4ngt einer von beiden immer wieder an. Trotz Unterbrechungen &#8211; egal welcher Art. Vielleicht ist auch die Weiterarbeit an den so verr\u00fcckten Ideen auch eine Art Hoffnung sch\u00f6pfen f\u00fcr scheinbar andere ausweglose Situationen.<br \/>\nWichtig ist, man muss irgendwann einfach mal anfangen.<br \/>\nAuch wenn der Weg noch so unwegsam erscheint.<\/p>\n<p>Halten wir uns mal an Albert Einstein:<\/p>\n<p><a href=\"http:\/\/sylviatubbesing.de\/Gedankenfluege\/wp-content\/uploads\/2013\/05\/logik.jpg\"><img loading=\"lazy\" decoding=\"async\" class=\"alignleft size-medium wp-image-959\" alt=\"logik\" src=\"http:\/\/sylviatubbesing.de\/Gedankenfluege\/wp-content\/uploads\/2013\/05\/logik-300x297.jpg\" width=\"300\" height=\"297\" \/><\/a><\/p>\n<p>&nbsp;<\/p>\n<p>&nbsp;<\/p>\n<p>&nbsp;<\/p>\n<p>&nbsp;<\/p>\n<p>&nbsp;<\/p>\n<p>&nbsp;<\/p>\n<p>&nbsp;<\/p>\n<p>&nbsp;<\/p>\n<p>Was passiert, wenn man Logik und Phantasie nutzt, um Tr\u00e4ume zu verwirklichen?<\/p>\n<p>&#8230;<br \/>\nIch fang einfach mal damit an. \ud83d\ude42<\/p>\n<p>Und ich wei\u00df schon, es macht Spass.<\/p>\n<p>&nbsp;<\/p>\n<p>ich hier<br \/>\nwei\u00df zwar, wie man Logik buchstabiert, la\u00df aber gern der Phantasie freien Lauf.<br \/>\n\ud83d\ude09<\/p>\n","protected":false},"excerpt":{"rendered":"<p>&#8222;Tr\u00e4ume gehen nicht in Rente&#8220; \u00a0 \u00a9 Karlheinz Karius Ich wei\u00df, dass Karlheinz da vollkommen Recht hat, denn wer, wenn nicht er, kann genau das beurteilen? Nun manchmal ist man schneller auf dem Weg Richtung Rente, als man sich das &hellip; <a href=\"https:\/\/tubbsis.de\/?p=955\">Continue reading <span class=\"meta-nav\">&rarr;<\/span><\/a><\/p>\n","protected":false},"author":1,"featured_media":0,"comment_status":"open","ping_status":"open","sticky":false,"template":"","format":"standard","meta":{"jetpack_post_was_ever_published":false,"_jetpack_newsletter_access":"","_jetpack_dont_email_post_to_subs":false,"_jetpack_newsletter_tier_id":0,"_jetpack_memberships_contains_paywalled_content":false,"_jetpack_memberships_contains_paid_content":false,"footnotes":"","jetpack_publicize_message":"","jetpack_publicize_feature_enabled":true,"jetpack_social_post_already_shared":false,"jetpack_social_options":{"image_generator_settings":{"template":"highway","enabled":false},"version":2}},"categories":[2],"tags":[],"jetpack_publicize_connections":[],"jetpack_featured_media_url":"","jetpack_sharing_enabled":true,"jetpack_shortlink":"https:\/\/wp.me\/sa8Pt4-traume","jetpack-related-posts":[],"jetpack_likes_enabled":true,"post_mailing_queue_ids":[],"_links":{"self":[{"href":"https:\/\/tubbsis.de\/index.php?rest_route=\/wp\/v2\/posts\/955"}],"collection":[{"href":"https:\/\/tubbsis.de\/index.php?rest_route=\/wp\/v2\/posts"}],"about":[{"href":"https:\/\/tubbsis.de\/index.php?rest_route=\/wp\/v2\/types\/post"}],"author":[{"embeddable":true,"href":"https:\/\/tubbsis.de\/index.php?rest_route=\/wp\/v2\/users\/1"}],"replies":[{"embeddable":true,"href":"https:\/\/tubbsis.de\/index.php?rest_route=%2Fwp%2Fv2%2Fcomments&post=955"}],"version-history":[{"count":0,"href":"https:\/\/tubbsis.de\/index.php?rest_route=\/wp\/v2\/posts\/955\/revisions"}],"wp:attachment":[{"href":"https:\/\/tubbsis.de\/index.php?rest_route=%2Fwp%2Fv2%2Fmedia&parent=955"}],"wp:term":[{"taxonomy":"category","embeddable":true,"href":"https:\/\/tubbsis.de\/index.php?rest_route=%2Fwp%2Fv2%2Fcategories&post=955"},{"taxonomy":"post_tag","embeddable":true,"href":"https:\/\/tubbsis.de\/index.php?rest_route=%2Fwp%2Fv2%2Ftags&post=955"}],"curies":[{"name":"wp","href":"https:\/\/api.w.org\/{rel}","templated":true}]}}