{"id":464,"date":"2012-03-09T07:46:55","date_gmt":"2012-03-09T07:46:55","guid":{"rendered":"http:\/\/sylviatubbesing.de\/Gedankenfluege\/?p=464"},"modified":"2012-03-09T07:46:55","modified_gmt":"2012-03-09T07:46:55","slug":"zapfenstreich","status":"publish","type":"post","link":"https:\/\/tubbsis.de\/?p=464","title":{"rendered":"Zapfenstreich?"},"content":{"rendered":"<p>Wie ihr wisst bin ich ja gerade dabei meine sieben Sachen zu packen.<br \/>\nBei der Musiksammlung muss ich schmunzeln.<br \/>\nEine Aufnahme von 1974 &#8211; <strong>ja 1974 nicht 2012<\/strong> &#8211; erz\u00e4hlt ein wenig augenzwinkernd &#8211; die aktuelle? NEIN, die Aufnahme ist von 1974!!! politische Lage. Wir wissen doch, damals waren Politker doch noch ehrbare, vom Volk hoch angesehene Menschen!!<\/p>\n<p>Oder? Aber bildet Euch Eure eigene Meinung.<br \/>\n<strong>Vielleicht beherrschte die &#8222;alte Garde&#8220; der Politiker nur ihr Handwerk besser?<\/strong><br \/>\nVielleicht sind die B\u00fcrger heute aber auch kritischer, zumindest eine Hand voll, die es wagt offen die Meinung zu sagen. Andererseits&#8230;.wie hoch m\u00fcssten die Di\u00e4ten ausfallen (die ja der Steuerzahler tr\u00e4gt), wenn es kein &#8222;Zubrot&#8220; von diversen Firmen und Freunden der Politiker g\u00e4be?<br \/>\n\ud83d\ude09<\/p>\n<p>Einfach mal reinh\u00f6ren und sich eine eigene Meinung bilden.<\/p>\n<blockquote><p>&#8222;Etwas ordentliches hab&#8216; ich, Gott sei Dank, nicht gelernt,<br \/>\nhab&#8216; mich stets vom rechten Pfad der Tugend entfernt.<br \/>\nUnd so steht, wenn ich mir meine F\u00e4higkeiten \u00fcberleg&#8216;,<br \/>\neiner Laufbahn als Politiker schon gar nichts mehr im Weg.&#8220;<\/p>\n<p>\u00a9 Reinhard Mey<\/p><\/blockquote>\n<p><iframe loading=\"lazy\" src=\"http:\/\/player.vimeo.com\/video\/35087919?badge=0\" width=\"500\" height=\"375\" frameborder=\"0\" webkitAllowFullScreen mozallowfullscreen allowFullScreen><\/iframe> <\/p>\n<p><a href=\"http:\/\/vimeo.com\/35087919\">Reinhard Mey &#8211; Was kann sch\u00f6ner sein auf Erden, als Politiker zu werden<\/a> from <a href=\"http:\/\/vimeo.com\/user10017289\">Markus Gorschboth<\/a> on <a href=\"http:\/\/vimeo.com\">Vimeo<\/a>.<\/p>\n<blockquote><p><span style=\"color: #000000;\">Mir sind vom Minister ein paar Dinge bekannt,<br \/>\ndurch Kasulzkes Immobilien-Firma ist er mir vertraut,<br \/>\ndenn der hat dessen Maitresse eine Swimmingpool gebaut,<br \/>\nund zum Dank und daf\u00fcr, da\u00df die Frau Minister nichts erf\u00e4hrt,<br \/>\nhat er ihm den Auftrag f\u00fcr eine Sozialsiedlung beschert.<br \/>\nDabei fiel f\u00fcr den Minister noch ein Bungalow mit an,<br \/>\nund Kasulzke baut noch achtzig Kilometer Autobahn.<br \/>\nTja,<\/span><\/p>\n<p>\u00a9 Reinhard Mey<\/p><\/blockquote>\n<p>&nbsp;<\/p>\n<p>Nat\u00fcrlich hat <a href=\"http:\/\/www.reinhard-mey.de\/start\/\">Reinhard Mey<\/a> hier zum Schutze der Immunit\u00e4t des Politikers die Namen ausgetauscht&#8230;<\/p>\n<p>\u00c4hnlichkeiten sind sicher nicht beabsichtigt, Wir denken daran, das Lied ist von 1974.<\/p>\n<p>Nun, vielleicht sollten die aktuellen Machthaber in diesem Land einen guten Rat aus dem Lied beherzigen &#8211; ich bin mir sicher, dann st\u00f6rt auch niemand den &#8222;Zapfenstreich&#8220; und auch die &#8222;alte Garde&#8220; w\u00e4re erschienen:<\/p>\n<blockquote><p><span style=\"color: #000000;\">Und platzt der ganze Schwindel eines Tages, na wenn schon,<br \/>\ndann geh ich krankheitshalber fr\u00fchzeitig in Pension.<\/span><\/p>\n<p>\u00a9 Reinhard Mey<\/p>\n<p>&nbsp;<\/p><\/blockquote>\n<p>So h\u00e4tte n\u00e4mlich jeder sein Gesicht wahren k\u00f6nnen.<br \/>\nDas ist nicht nur in der Politik, <strong>aber gerade dort unbezahlbar.<\/strong><\/p>\n<p>&nbsp;<\/p>\n<p><span style=\"color: #808080;\">Das\u00a0 ja fast schon mehr als aktuelle Lied, stammt von Reinhard Mey, dem S\u00e4nger, der es schafft mit Musik und direkten Worten, die Dinge einfach auf den Punkt zu bringen. F\u00fcr mich immer h\u00f6renswert,Ich habe wohl nicht umsonst so ziemlich alle CD&#8217;s ja sogar LP und MC &#8211; so was gab es damals noch &#8211; in meiner Sammlung.<\/span><\/p>\n","protected":false},"excerpt":{"rendered":"<p>Wie ihr wisst bin ich ja gerade dabei meine sieben Sachen zu packen. Bei der Musiksammlung muss ich schmunzeln. Eine Aufnahme von 1974 &#8211; ja 1974 nicht 2012 &#8211; erz\u00e4hlt ein wenig augenzwinkernd &#8211; die aktuelle? NEIN, die Aufnahme ist &hellip; <a href=\"https:\/\/tubbsis.de\/?p=464\">Continue reading <span class=\"meta-nav\">&rarr;<\/span><\/a><\/p>\n","protected":false},"author":1,"featured_media":0,"comment_status":"open","ping_status":"open","sticky":false,"template":"","format":"standard","meta":{"jetpack_post_was_ever_published":false,"_jetpack_newsletter_access":"","_jetpack_dont_email_post_to_subs":false,"_jetpack_newsletter_tier_id":0,"_jetpack_memberships_contains_paywalled_content":false,"_jetpack_memberships_contains_paid_content":false,"footnotes":"","jetpack_publicize_message":"","jetpack_publicize_feature_enabled":true,"jetpack_social_post_already_shared":false,"jetpack_social_options":{"image_generator_settings":{"template":"highway","enabled":false},"version":2}},"categories":[2],"tags":[50,83,103,121,136,196,197],"jetpack_publicize_connections":[],"jetpack_featured_media_url":"","jetpack_sharing_enabled":true,"jetpack_shortlink":"https:\/\/wp.me\/pa8Pt4-7u","jetpack-related-posts":[],"jetpack_likes_enabled":true,"post_mailing_queue_ids":[],"_links":{"self":[{"href":"https:\/\/tubbsis.de\/index.php?rest_route=\/wp\/v2\/posts\/464"}],"collection":[{"href":"https:\/\/tubbsis.de\/index.php?rest_route=\/wp\/v2\/posts"}],"about":[{"href":"https:\/\/tubbsis.de\/index.php?rest_route=\/wp\/v2\/types\/post"}],"author":[{"embeddable":true,"href":"https:\/\/tubbsis.de\/index.php?rest_route=\/wp\/v2\/users\/1"}],"replies":[{"embeddable":true,"href":"https:\/\/tubbsis.de\/index.php?rest_route=%2Fwp%2Fv2%2Fcomments&post=464"}],"version-history":[{"count":0,"href":"https:\/\/tubbsis.de\/index.php?rest_route=\/wp\/v2\/posts\/464\/revisions"}],"wp:attachment":[{"href":"https:\/\/tubbsis.de\/index.php?rest_route=%2Fwp%2Fv2%2Fmedia&parent=464"}],"wp:term":[{"taxonomy":"category","embeddable":true,"href":"https:\/\/tubbsis.de\/index.php?rest_route=%2Fwp%2Fv2%2Fcategories&post=464"},{"taxonomy":"post_tag","embeddable":true,"href":"https:\/\/tubbsis.de\/index.php?rest_route=%2Fwp%2Fv2%2Ftags&post=464"}],"curies":[{"name":"wp","href":"https:\/\/api.w.org\/{rel}","templated":true}]}}