{"id":43,"date":"2011-07-24T13:25:55","date_gmt":"2011-07-24T13:25:55","guid":{"rendered":"http:\/\/sylviatubbesing.de\/Gedankenfluege\/?p=43"},"modified":"2018-09-07T21:24:54","modified_gmt":"2018-09-07T21:24:54","slug":"ich-geh-mal-in-die-luft","status":"publish","type":"post","link":"https:\/\/tubbsis.de\/?p=43","title":{"rendered":"Ich geh mal in die Luft&#8230;"},"content":{"rendered":"<p>&#8230; klink mich mal ein wenig aus, bis die Amy-Winehouse Trauern vorbei sind. Ich hab nix gegen Amy Winehouse tolle Musik ja&#8230;F\u00fcr mich ein Beispiel, daf\u00fcr, dass man erfolgreich und ber\u00fchmt sein kann aber trotzdem einsam unter vielen ist.<\/p>\n<p>F\u00fcr mich ist es einfach viel tragischer, was im Norden Europas passiert ist.<\/p>\n<p>Da sterben Jugendliche, die lebensoffen waren.Wurden wie meine belgischen Freunde es bezeichnen zum &#8222;slachtoffers&#8220; und hier geht man einfach zur Tagesordnung \u00fcber.<\/p>\n<p>Es wird noch nicht mal wahr genommen oder man verdr\u00e4ngt es einfach? Warten doch noch wichtige Dinge auf uns, wie \u00a0die Stadt zu bauen und die Farmtiere zu versorgen.<\/p>\n<p>Ist das nun typisch deutsch?<\/p>\n<p>D ie Fage stellt sich mir gerade ein wenig, weil ich es halt auf anderen FaceBook Seiten anders erlebe. Und das in Gruppen, die sich dem Humor und dem Verr\u00fcckt sein gewidmet haben. <em>(Man kann dieses \u00fcbrigens auch auf jede beliebige andere Community \u00fcbertragen, ob es nun Jappy, Spin, Kwick oder WKW ist)<\/em><\/p>\n<p><strong>zot<\/strong> = verr\u00fcckt<\/p>\n<p>Aber wahrscheinlich erleben nur die <strong>Narren<\/strong> bewusst, wie sehr unsere Gesellschaft eigentlich keine Gesellschaft ist. Und man selbst wie Amy Winehouse, nur eine Person unter vielen ist, die schon zufrieden ist, wenn der &#8222;Gef\u00e4llt mir Button&#8220; gedr\u00fcckt wird, das 50 &#8222;Was passiert Dir heute&#8220; oder &#8222;wie-hei\u00dft-Dein-Traummann&#8220; -App installiert ist und man alle Blumen virtuell gegossen hat.<\/p>\n<p><strong>Ne, da leb ich lieber real &#8211; <\/strong>und genie\u00dfe den Gedankenaustausch nicht nur virtuell.<\/p>\n<p>Nehme an meiner Umwelt teil und steh einfach fassungslos vor dem sinnlosen Massaker im Norden Europas.<\/p>\n<p>Frag mich, wie das m\u00f6glich sein kann?<\/p>\n<p>Aber vielleicht liegt es auch daran, dass man Freundschaften nur noch per Knopfdruck t\u00e4tigt ohne den Menschen dahinter wirklich kennenzulernen.<\/p>\n<p>Denn das bedarf real wie virtuell immer Zeit und einen Gedankenaustausch, der nicht \u00fcber &#8222;Ichdr\u00fcckdich&#8220; und &#8222;kuss&#8220; Applikationen geschaffen werden kann.<\/p>\n<p>Ist aber nur meine bescheidene Meinung, die ich hier der &#8222;virtuellen&#8220; Welt kund tue und mich in die Reale Welt zur\u00fcckziehe. \ud83d\ude42<\/p>\n<p>Trotzdem wei\u00df ich, dass man beides verbinden kann. Und dank der technischen M\u00f6glichkeiten Grenzen \u00fcberwinden und auch Freundschaften pflegen kann.<\/p>\n<p>Das beruhigt mich.<\/p>\n<p>Zeigt es mir, dass es auch noch Menschen gibt, die Menschen sind und sich nicht in ihrer eigenen Welt verstecken.<\/p>\n<p>Ein Funke Hoffnung?<\/p>\n<p>Aber ich denke, wir sollten auch virtuell nicht vergessen und abw\u00e4gen. Wer den Tod von einer Person, die er nicht kannte betrauert.. sollte auch an die anderen denken.<\/p>\n<p>Ungl\u00fccke passieren leider zu Viele&#8230;<\/p>\n<p>Wie damals auch bei der Loveparade in Duisburg. ist heute auf den Tag genau ein Jahr her. Nur da ist nicht ein anderer Mensch hin und hat bewusst get\u00f6tet.Und dass ist es, was mir so sehr zu denken gibt. Wenn ich nach Norwegen schaue. DAS ist in meinen Augen nicht mehr normal. Und vielleicht auch deshalb der Grund, warum man lieber weg sieht und weiter den &#8222;Gef\u00e4llt mir Button&#8220; klickt.<\/p>\n<p><strong>Ja Zotter, die Narren die schauen und und sagen die Wahrheit. Mit einem Augenzwinker zeigen Sie uns, was die\u00a0<\/strong><strong>geschlagen hat.<\/strong><\/p>\n<p><img loading=\"lazy\" decoding=\"async\" class=\"size-full wp-image-2895 aligncenter\" src=\"http:\/\/tubbsis.de\/wp-content\/uploads\/2011\/07\/4417_0.jpg\" alt=\"\" width=\"372\" height=\"349\" srcset=\"https:\/\/tubbsis.de\/wp-content\/uploads\/2011\/07\/4417_0.jpg 372w, https:\/\/tubbsis.de\/wp-content\/uploads\/2011\/07\/4417_0-300x281.jpg 300w\" sizes=\"(max-width: 372px) 100vw, 372px\" \/><\/p>\n<p>K\u00f6nnen sie ja auch offen, wie die Kinder ?<\/p>\n<p>Denn man nimmt sie nicht wirklich ernst.<\/p>\n<p>&#8212;<\/p>\n<p>Ich sag das auch.<strong> Bin ich wohl eher ein Narr &#8211; ver-r\u00fcckt und anders.<\/strong><\/p>\n<p>&#8212;-<\/p>\n<h4><span style=\"color: #800000;\">\u00a0Aber gesagt werden muss es einfach mal.<\/p>\n<p><\/span><\/h4>\n<p>Eure<br \/>\n<img loading=\"lazy\" decoding=\"async\" class=\"alignnone size-full wp-image-2846\" src=\"http:\/\/tubbsis.de\/wp-content\/uploads\/2018\/09\/tubbsi-1.png\" alt=\"\" width=\"161\" height=\"75\" \/><\/p>\n","protected":false},"excerpt":{"rendered":"<p>&#8230; klink mich mal ein wenig aus, bis die Amy-Winehouse Trauern vorbei sind. Ich hab nix gegen Amy Winehouse tolle Musik ja&#8230;F\u00fcr mich ein Beispiel, daf\u00fcr, dass man erfolgreich und ber\u00fchmt sein kann aber trotzdem einsam unter vielen ist. F\u00fcr &hellip; <a href=\"https:\/\/tubbsis.de\/?p=43\">Continue reading <span class=\"meta-nav\">&rarr;<\/span><\/a><\/p>\n","protected":false},"author":1,"featured_media":0,"comment_status":"open","ping_status":"open","sticky":false,"template":"","format":"standard","meta":{"jetpack_post_was_ever_published":false,"_jetpack_newsletter_access":"","_jetpack_dont_email_post_to_subs":false,"_jetpack_newsletter_tier_id":0,"_jetpack_memberships_contains_paywalled_content":false,"_jetpack_memberships_contains_paid_content":false,"footnotes":"","jetpack_publicize_message":"","jetpack_publicize_feature_enabled":true,"jetpack_social_post_already_shared":false,"jetpack_social_options":{"image_generator_settings":{"template":"highway","enabled":false},"version":2}},"categories":[2],"tags":[48,127,150,160,173,185,190],"jetpack_publicize_connections":[],"jetpack_featured_media_url":"","jetpack_sharing_enabled":true,"jetpack_shortlink":"https:\/\/wp.me\/pa8Pt4-H","jetpack-related-posts":[],"jetpack_likes_enabled":true,"post_mailing_queue_ids":[],"_links":{"self":[{"href":"https:\/\/tubbsis.de\/index.php?rest_route=\/wp\/v2\/posts\/43"}],"collection":[{"href":"https:\/\/tubbsis.de\/index.php?rest_route=\/wp\/v2\/posts"}],"about":[{"href":"https:\/\/tubbsis.de\/index.php?rest_route=\/wp\/v2\/types\/post"}],"author":[{"embeddable":true,"href":"https:\/\/tubbsis.de\/index.php?rest_route=\/wp\/v2\/users\/1"}],"replies":[{"embeddable":true,"href":"https:\/\/tubbsis.de\/index.php?rest_route=%2Fwp%2Fv2%2Fcomments&post=43"}],"version-history":[{"count":3,"href":"https:\/\/tubbsis.de\/index.php?rest_route=\/wp\/v2\/posts\/43\/revisions"}],"predecessor-version":[{"id":2897,"href":"https:\/\/tubbsis.de\/index.php?rest_route=\/wp\/v2\/posts\/43\/revisions\/2897"}],"wp:attachment":[{"href":"https:\/\/tubbsis.de\/index.php?rest_route=%2Fwp%2Fv2%2Fmedia&parent=43"}],"wp:term":[{"taxonomy":"category","embeddable":true,"href":"https:\/\/tubbsis.de\/index.php?rest_route=%2Fwp%2Fv2%2Fcategories&post=43"},{"taxonomy":"post_tag","embeddable":true,"href":"https:\/\/tubbsis.de\/index.php?rest_route=%2Fwp%2Fv2%2Ftags&post=43"}],"curies":[{"name":"wp","href":"https:\/\/api.w.org\/{rel}","templated":true}]}}