{"id":3573,"date":"2024-01-14T17:02:27","date_gmt":"2024-01-14T17:02:27","guid":{"rendered":"https:\/\/tubbsis.de\/?p=3573"},"modified":"2024-01-14T17:02:32","modified_gmt":"2024-01-14T17:02:32","slug":"einmal-kurz-nachdenken","status":"publish","type":"post","link":"https:\/\/tubbsis.de\/?p=3573","title":{"rendered":"Einmal kurz nachdenken"},"content":{"rendered":"\n<p>Rekordbesch\u00e4ftigung, DAX auf Rekordniveau, Mindestlohn angehoben. Ausbau erneuerbarer Energie nimmt deutlich an Fahrt auf, Kindergeld erh\u00f6ht, Wohngeld bekommen mehr Leute, B\u00fcrgergeld wurde angepasst und vieles mehr&#8230; Aber viele jammern als ginge morgen die Welt unter.<br><br>Ich verstehe es nicht. Jeder Arbeitnehmer wird es bei seiner Steuererkl\u00e4rung merken. Wollen die Leute, die jetzt mehr Geld kriegen es direkt zur\u00fcckzahlen, weil die Ampel nur \u201eMist\u201c macht?<br>Ja das Kindergeld wurde ge\u00e4ndert und wird in Zukunft auch direkt gezahlt, will man das auch ablehnen? Beim Klimageld geht es auch weiter, ok, es ging nicht ganz so schnell aber Anfang 2025 soll jeder das Klimageld erhalten, ich hoffe, dass alle die, die \u201eDie Ampel muss weg\u201c schreien konsequent sind und es ablehnen.<br><br>Die Inflationsausgleichspr\u00e4mie haben (ja mal abgesehen von den Rentnern) aber doch sonst auch alle gerne angenommen oder? Und ich kenne einige Rentner, die weil sie immer noch arbeiten (nicht erst seit der Ampelregierung, sondern auch schon unter der gro\u00dfen (tollen) Koalition), die das Geld ebenfalls erhalten haben. Lehnt ihr das auch ab? Wenn diese Regierung doch weg muss, w\u00e4re das die Konsequenz. <br><br>Irgendwie hab ich das Gef\u00fchl, dass die Parolen wieder wirken und man gar nicht \u00fcberpr\u00fcft, was da vor sich geht. Hauptsache man schreit laut, randaliert noch und gibt seinem \u00c4rger Raum. Viele lassen sich vor einen Karren spannen, den sie gar nicht ziehen wollen, aber da jeder laut schreit, machen alle mit.<br><br>Erschreckend, erinnert es doch an eine Zeit, wo man niemand sich vorstellen konnte, dass man mit einfachen, sich immer wiederholenden Parolen, ein ganzes Volk in die Irre f\u00fchren kann.<\/p>\n\n\n\n<p>Wer das Buch \u201eDie Welle\u201c kennt, wei\u00df, wie es funktioniert. Eigentlich sollten wir doch schlauer sein. Aber vor allem. Vieles, was heute umgesetzt werden muss, stammt zum Teil aus Gesetzen und Vereinbarungen, die die gro\u00dfe Koalition schon vor Jahren beschlossen hat.<br><br>In der aktuellen Regierung gibt es eine Partei, die muss endlich begreifen, dass sie jahrelang den Mist mit verzapft hat. Und es ist ein toller Schachzug der CDU, die Dinge, die sie w\u00e4hrend ihrer Regierungszeit beschlossen und mit vereinbart hat (auf der Klimakonferenz z. B.) heute zu kritisieren, obwohl sie, diejenigen waren, die es damals so gewollt haben. Weil wir ja alle das Klima retten wollen.<br>Erinnert mich irgendwie an den Spruch: Jeder will zur\u00fcck zur Natur, aber keiner zu Fu\u00df.<br><br>Daher lasst den \u201eUngelernten\u201c, wie ihr gerne sagt, den Abbrechern ruhig mal eine nur eine Wahlperiode Zeit. Aber seit gewarnt, sie streiten sich, aber letztendlich k\u00f6nnten sie vieles besser machen. Sind sie dabei. Denn nur wer arbeitet macht Fehler und wie war das? Wer viel arbeitet macht viele Fehler. Dieser Spruch der in vielen B\u00fbros, Werkst\u00e4tten und Unternehmen h\u00e4ngt, umgerechnet auf die Regierungen. Sagt mir eigentlich nur, dass die alte Regierung ziemlich faul war. Da hat man nichts mitbekommen. Weil auch beim Volk nichts ankam. Abgesehen eine Floskel, wie \u201eWir schaffen das&#8220;.<br><br>Man braucht nicht unbedingt Fachkr\u00e4fte, wie war das mit der Arche? Hatte Noah Schiffbau studiert? Eher kaum. Das wir etwas \u00e4ndern sollten, davon sind doch alle \u00fcberzeugt, aber dann m\u00fcssen auch alle mitmachen. <br><br>Daher eine Bitte lasst den Narren etwas Zeit. <br>Eure<br><\/p>\n\n\n\n<figure class=\"wp-block-image size-full\"><img loading=\"lazy\" decoding=\"async\" width=\"161\" height=\"75\" src=\"https:\/\/tubbsis.de\/wp-content\/uploads\/2018\/09\/tubbsi-1-1.png\" alt=\"\" class=\"wp-image-3024\"\/><\/figure>\n\n\n<div class=\"wp-block-image\">\n<figure class=\"aligncenter size-large\"><img loading=\"lazy\" decoding=\"async\" width=\"1024\" height=\"654\" src=\"https:\/\/tubbsis.de\/wp-content\/uploads\/2024\/01\/berlin-4788732_1280-1024x654.jpg\" alt=\"\" class=\"wp-image-3574\" srcset=\"https:\/\/tubbsis.de\/wp-content\/uploads\/2024\/01\/berlin-4788732_1280-1024x654.jpg 1024w, https:\/\/tubbsis.de\/wp-content\/uploads\/2024\/01\/berlin-4788732_1280-300x192.jpg 300w, https:\/\/tubbsis.de\/wp-content\/uploads\/2024\/01\/berlin-4788732_1280-768x491.jpg 768w, https:\/\/tubbsis.de\/wp-content\/uploads\/2024\/01\/berlin-4788732_1280.jpg 1280w\" sizes=\"(max-width: 1024px) 100vw, 1024px\" \/><\/figure><\/div>\n\n\n<p><br><br><br><br><\/p>\n\n\n","protected":false},"excerpt":{"rendered":"<p>Rekordbesch\u00e4ftigung, DAX auf Rekordniveau, Mindestlohn angehoben. Ausbau erneuerbarer Energie nimmt deutlich an Fahrt auf, Kindergeld erh\u00f6ht, Wohngeld bekommen mehr Leute, B\u00fcrgergeld wurde angepasst und vieles mehr&#8230; Aber viele jammern als ginge morgen die Welt unter. Ich verstehe es nicht. Jeder &hellip; <a href=\"https:\/\/tubbsis.de\/?p=3573\">Continue reading <span class=\"meta-nav\">&rarr;<\/span><\/a><\/p>\n","protected":false},"author":1,"featured_media":0,"comment_status":"open","ping_status":"open","sticky":false,"template":"","format":"standard","meta":{"jetpack_post_was_ever_published":false,"_jetpack_newsletter_access":"","_jetpack_dont_email_post_to_subs":false,"_jetpack_newsletter_tier_id":0,"_jetpack_memberships_contains_paywalled_content":false,"_jetpack_memberships_contains_paid_content":false,"footnotes":"","jetpack_publicize_message":"","jetpack_publicize_feature_enabled":true,"jetpack_social_post_already_shared":true,"jetpack_social_options":{"image_generator_settings":{"template":"highway","enabled":false},"version":2}},"categories":[2],"tags":[],"jetpack_publicize_connections":[],"jetpack_featured_media_url":"","jetpack_sharing_enabled":true,"jetpack_shortlink":"https:\/\/wp.me\/pa8Pt4-VD","jetpack-related-posts":[],"jetpack_likes_enabled":true,"post_mailing_queue_ids":[],"_links":{"self":[{"href":"https:\/\/tubbsis.de\/index.php?rest_route=\/wp\/v2\/posts\/3573"}],"collection":[{"href":"https:\/\/tubbsis.de\/index.php?rest_route=\/wp\/v2\/posts"}],"about":[{"href":"https:\/\/tubbsis.de\/index.php?rest_route=\/wp\/v2\/types\/post"}],"author":[{"embeddable":true,"href":"https:\/\/tubbsis.de\/index.php?rest_route=\/wp\/v2\/users\/1"}],"replies":[{"embeddable":true,"href":"https:\/\/tubbsis.de\/index.php?rest_route=%2Fwp%2Fv2%2Fcomments&post=3573"}],"version-history":[{"count":1,"href":"https:\/\/tubbsis.de\/index.php?rest_route=\/wp\/v2\/posts\/3573\/revisions"}],"predecessor-version":[{"id":3575,"href":"https:\/\/tubbsis.de\/index.php?rest_route=\/wp\/v2\/posts\/3573\/revisions\/3575"}],"wp:attachment":[{"href":"https:\/\/tubbsis.de\/index.php?rest_route=%2Fwp%2Fv2%2Fmedia&parent=3573"}],"wp:term":[{"taxonomy":"category","embeddable":true,"href":"https:\/\/tubbsis.de\/index.php?rest_route=%2Fwp%2Fv2%2Fcategories&post=3573"},{"taxonomy":"post_tag","embeddable":true,"href":"https:\/\/tubbsis.de\/index.php?rest_route=%2Fwp%2Fv2%2Ftags&post=3573"}],"curies":[{"name":"wp","href":"https:\/\/api.w.org\/{rel}","templated":true}]}}