{"id":1142,"date":"2014-05-25T11:39:39","date_gmt":"2014-05-25T11:39:39","guid":{"rendered":"http:\/\/sylviatubbesing.de\/Gedankenfluege\/?p=1142"},"modified":"2014-05-25T11:39:39","modified_gmt":"2014-05-25T11:39:39","slug":"die-wahl-nicht-nur-europa","status":"publish","type":"post","link":"https:\/\/tubbsis.de\/?p=1142","title":{"rendered":"Die Wahl &#8211; nicht nur Europa&#8230;."},"content":{"rendered":"<p>nein noch mehr als ich dachte &#8211; und doch bin ich verwundert &#8211; hatte ich mit Schlangen an den Wahlurnen gerechnet. Warum? Der Deutsche an sich meckert \u00fcber die gerade gew\u00e4hlte Regierung. Nat\u00fcrlich ist niemand der Jammernden Schuld. Forderungen nach R\u00fccktritten und, und, und&#8230;..<\/p>\n<p>Nun haben sie die WAHL- was h\u00f6rt man:&#8220;och Kommunal- und Europawahl, ist nicht so wichtig.&#8220;<\/p>\n<p>Nicht so wichtig? und gleichzeitig, postet er auf seinem Facebookprofil, dass er gegen TTIP und sonstiges ist.<br \/>\nDu denkst genauso?<br \/>\nWarum gehst Du dann nicht w\u00e4hlen und setzt die Stimme bei der Partei, die Deine Ansicht vertritt?<br \/>\nDeine Antwort: weil ich durch mein Nichtw\u00e4hlen ein Zeichen setze&#8230;?<\/p>\n<p>Ja, nee ist klar&#8230;..aber hinterher meckern. Die entscheiden nichts?<br \/>\nSo ganz stimmt das nicht, erst im letzten Jahr hat das europ\u00e4ische Parlament auch sehr wohl auf den Willen des B\u00fcrgers geh\u00f6rt und SEHR EINDEUTIG, gegen die Saatgutverordnung und somit gegen Monsanto entschieden!!! Schon vergessen????<\/p>\n<p>W\u00e4re es nicht einfacher &#8211; schon jetzt Politiker zu w\u00e4hlen, die auch meine Interessen vertreten, anstatt jedes mal erst eine Petitionswelle zu veranlassen?<\/p>\n<p>Meiner Ansicht nach schon &#8211; aber dazu muss man sich auch ein wenig mit den Dingen auseinandersetzen.<\/p>\n<h4>Wenn ihr meint, da sitzen eh nur Marionetten, dann\u00a0 wird es Zeit, an dem Tag, wo man Euch die Schere in die Hand gibt,diese auch zu nutzen und die Marionetten abzuschneiden und Politiker dorthin zu schicken, die EURE Interessen vertreten!!!!<\/h4>\n<p>Aber, da man lieber die Schere zur Seite legt, war doch Zeit, f\u00fcr einen amusanten Plausch im Wahllokal.<br \/>\n&#8222;Keiner da?&#8220; fragte ich, &#8222;die suchen alle noch das Handtuch.&#8220;<\/p>\n<p>&#8222;Nee&#8220;, meinte einer der Wahlhelfer, &#8222;die Nichtw\u00e4hler sind hoffentlich alle weg, und haben das gerade vorbeifliegende Raumschiff angehalten.&#8220;<\/p>\n<p>&#8222;Nun &#8211; darf ich trotzdem w\u00e4hlen?&#8220; (klar weiss ich, dass diese scheinbare, deutsche Identit\u00e4tscard ausreichend ist, wenn man im richtigen Wahllokal landet) ich hab als umweltbewusster B\u00fcrger\u00a0 nicht nur die ganze Parteiwerbung im Altpapier entsorgt, sondern auch den so wichtigen Wahlbrief. Ne, nicht die ganze &#8211; eine habe ich sogar schon Europaweit weitergeteilt, aber hier ist ja keine Werbung erlaubt &#8211; daher sag ich nicht, welche so interessant war&#8230;.&#8220;<\/p>\n<p>Grinsende Gesichter, einer wagt einen Vorstoss: &#8222;Haben sie auch schon eines der Rezepte nachgekocht?&#8220;<br \/>\nDas Gepl\u00e4nkel ging noch ein wenig weiter, bis ich nun alle bunten Zettel zusammen in einer Hand hielt.<br \/>\nmmh eignet sich auch gut zum Basteln&#8230;aber HEUTE wird gew\u00e4hlt.<\/p>\n<p>In der Kabine sitzend dachte ich, ich sei vorbereitet&#8230;. ok B\u00fcrgermeister w\u00e4hlt man direkt?<br \/>\n(Ah, jetzt weiss ich auch, was die mit\u00a0 diesen Wahlplakaten meinten&#8230;naja die hatten bei den Hunden in der Gemeinde hier wohl mehr Anklang, als bei den Zweibeinern&#8230;.)<br \/>\nGut da nur zwei Namen auf der Liste stehen, ein Parteiloser und der Andere von einer Partei, die ich lange nicht mehr auf meiner Liste habe&#8230;.. f\u00e4llt mir die Entscheidung leicht.<\/p>\n<p>Europawahl wusst ich vorher schon wen ich nicht w\u00e4hle&#8230;.. und bei den anderen &#8211; lag wirklich nur eine Partei innerhalb meiner Interessen &#8211;<br \/>\nmeine Eltern w\u00fcrden&#8230; aber nu ich hatte schon immer meinen eigenen Kopf.<br \/>\nund keine Angst die NPD und so ist es nicht&#8230;.<\/p>\n<p>Der Landtag &#8211; irgendwie tendier ich da zu den kleineren, wen wundert es?<\/p>\n<p>Kommunalwahl<br \/>\nna ich geb zu hier hat mich schon im Vorfeld und wegen der n\u00fctzlichen aber sonst nicht aufdringlichen Werbung eine Partei \u00fcberzeugt&#8230;.da auch das ein oder andere Gespr\u00e4ch hier mit Mitgliedern gut verlief&#8230; hoffe ich, dass sie wirklich das Wohl der Stadt vor Augen haben &#8230;.<br \/>\nzumindest haben sie in meinen Augen keine sinnlose Werbung verschickt. Und, wie ihr dem Gespr\u00e4ch aus dem Wahllokal entnehmen k\u00f6nnt, sehe das wohl nicht nur ich so&#8230;..<\/p>\n<p>Jou der Kreistag &#8211; ich vergass- geh\u00f6rt ja irgendwie zur Kommunalwahl und ist bei mir unter gegangen, aber da auf der Liste mir ein Name noch von fr\u00fcher in Erinnerung war, der auch immer mal helfend zur Seite stand. Und ich weiss, wenn ich was h\u00e4tte &#8211; h\u00e4tte ich wirklich einen Ansprechpartner (im Gegensatz zu anderen Namen, die mir auch noch gel\u00e4ufig sind&#8230;..) war da das Kreuz schnell gemacht.<\/p>\n<p>Tja &#8211; selbst, wenn ich nicht beabsichtige hier meinen Lebensabend zu verbringen, frage ich mich, warum die Leute nicht mal vor Ort aktiv werden? Hier sind sie doch bei einer Wahl am betroffensten &#8211; ok Br\u00fcssel ist ja weit weg &#8211; aber h\u00e4lt hier der B\u00fcrgermeister sein Versprechen nicht, kann man den auch schon mal im Rathaus besuchen\u00a0 &#8211; oder spricht ihn beim n\u00e4chsten Sch\u00fctzenfest an&#8230;..<\/p>\n<p>was mir auffiel:<br \/>\nKugelschreiber DOKUMENTENECHT &#8211; und keine Bleistifte&#8230;.. (obwohl das ja auch immer wieder behauptet wird&#8230;. )<br \/>\nNun ich hab meine B\u00fcrgerpflicht freiwillig getan&#8230; woanders muss man es &#8211; wahrscheinlich ist da aber auch die Angst gr\u00f6sser, dass die Bev\u00f6lkerung wirklich konsequent ist und JEDER die Wahl boykottiert&#8230;&#8230;<br \/>\nDann w\u00e4r das ja auch mal ne Aussage&#8230;.<br \/>\naber ich denke, die wollen da vorsorgen, die kennen ihre Landsleute \ud83d\ude42<\/p>\n<p>Ich hoffe noch, dass es nur so leer war, weil die Leute die k\u00fchleren Abendstunden f\u00fcr die schwere Entscheidung nutzen wollen.<\/p>\n<p>Irgendwie war das Treiben vor und in den Wahllokalen fr\u00fcher lebendiger&#8230;..<br \/>\nNaja ich hab mein Handtuch wieder mitgenommen\u00a0 &#8211;<br \/>\nDon&#8217;t Panic ist wohl nicht nur f\u00fcr die heutige Wahl, sondern f\u00fcr das Ganze Land PROGRAMM.<br \/>\n21\u00a0 war auf den Wahlzetteln leider nicht vertreten &#8211; obwohl ich vermute, dass hinter mancher Partei mehr als nur eine halbe Wahrheit im Parteiprogramm steht.<\/p>\n<p>Und 42 fand ich irgendwie auch auf keinem der Wahlzettel&#8230;.<br \/>\neher ne 10,5 \ud83d\ude09<\/p>\n","protected":false},"excerpt":{"rendered":"<p>nein noch mehr als ich dachte &#8211; und doch bin ich verwundert &#8211; hatte ich mit Schlangen an den Wahlurnen gerechnet. Warum? Der Deutsche an sich meckert \u00fcber die gerade gew\u00e4hlte Regierung. Nat\u00fcrlich ist niemand der Jammernden Schuld. Forderungen nach &hellip; <a href=\"https:\/\/tubbsis.de\/?p=1142\">Continue reading <span class=\"meta-nav\">&rarr;<\/span><\/a><\/p>\n","protected":false},"author":1,"featured_media":0,"comment_status":"closed","ping_status":"open","sticky":false,"template":"","format":"standard","meta":{"jetpack_post_was_ever_published":false,"_jetpack_newsletter_access":"","_jetpack_dont_email_post_to_subs":false,"_jetpack_newsletter_tier_id":0,"_jetpack_memberships_contains_paywalled_content":false,"_jetpack_memberships_contains_paid_content":false,"footnotes":"","jetpack_publicize_message":"","jetpack_publicize_feature_enabled":true,"jetpack_social_post_already_shared":false,"jetpack_social_options":{"image_generator_settings":{"template":"highway","enabled":false},"version":2}},"categories":[22],"tags":[],"jetpack_publicize_connections":[],"jetpack_featured_media_url":"","jetpack_sharing_enabled":true,"jetpack_shortlink":"https:\/\/wp.me\/pa8Pt4-iq","jetpack-related-posts":[],"jetpack_likes_enabled":true,"post_mailing_queue_ids":[],"_links":{"self":[{"href":"https:\/\/tubbsis.de\/index.php?rest_route=\/wp\/v2\/posts\/1142"}],"collection":[{"href":"https:\/\/tubbsis.de\/index.php?rest_route=\/wp\/v2\/posts"}],"about":[{"href":"https:\/\/tubbsis.de\/index.php?rest_route=\/wp\/v2\/types\/post"}],"author":[{"embeddable":true,"href":"https:\/\/tubbsis.de\/index.php?rest_route=\/wp\/v2\/users\/1"}],"replies":[{"embeddable":true,"href":"https:\/\/tubbsis.de\/index.php?rest_route=%2Fwp%2Fv2%2Fcomments&post=1142"}],"version-history":[{"count":0,"href":"https:\/\/tubbsis.de\/index.php?rest_route=\/wp\/v2\/posts\/1142\/revisions"}],"wp:attachment":[{"href":"https:\/\/tubbsis.de\/index.php?rest_route=%2Fwp%2Fv2%2Fmedia&parent=1142"}],"wp:term":[{"taxonomy":"category","embeddable":true,"href":"https:\/\/tubbsis.de\/index.php?rest_route=%2Fwp%2Fv2%2Fcategories&post=1142"},{"taxonomy":"post_tag","embeddable":true,"href":"https:\/\/tubbsis.de\/index.php?rest_route=%2Fwp%2Fv2%2Ftags&post=1142"}],"curies":[{"name":"wp","href":"https:\/\/api.w.org\/{rel}","templated":true}]}}