{"id":1037,"date":"2013-08-11T18:22:47","date_gmt":"2013-08-11T18:22:47","guid":{"rendered":"http:\/\/sylviatubbesing.de\/Gedankenfluege\/?p=1037"},"modified":"2013-08-11T18:22:47","modified_gmt":"2013-08-11T18:22:47","slug":"lebens-zeit","status":"publish","type":"post","link":"https:\/\/tubbsis.de\/?p=1037","title":{"rendered":"(Lebens-)Zeit"},"content":{"rendered":"<h3><span style=\"color: #000000;\">ich stolper gerade \u00fcber eine Geschichte, der ich nichts mehr hinzuf\u00fcgen kann. Der Mann hat einfach Recht und wir sollten bedenken, dass es auch heute -trotz des medizinischen Fortschrittes- nicht selbstverst\u00e4ndlich ist, dass wir unser Leben auch mit 90 noch wirklich erleben und geniessen k\u00f6nnen. Daher:<\/span><br \/>\n<span style=\"color: #000000;\"> CARPE DIEM!<\/span><\/h3>\n<h5>&#8222;Im Sprechzimmer des Arztes sa\u00dfen dicht gedr\u00e4ngt Menschen und warteten. Ein \u00e4lterer Herr stand nach einer Weile auf und ging zur Sprechstundenhilfe. \u201cEntschuldigung.\u201d sagte er freundlich. \u201cIch hatte einen Termin um 10.00 Uhr. Jetzt ist es fast 11.00 Uhr. Ich m\u00f6chte nicht l\u00e4nger warten. Bitte geben Sie mir einen neuen Termin.\u201d Im Sprechzimmer wurde getuschelt. Eine Frau sagte zu einer anderen: \u201cDer ist doch bestimmt schon 80 \u2013 was kann der wohl so Dringendes vorhaben, dass er nicht warten kann?\u201d Der Mann h\u00f6rte die Bemerkung und drehte sich um. Er verbeugte sich vor der Dame und sagte: \u201cIch bin 87 Jahre alt. Und genau deswegen kann ich es mir nicht leisten, auch nur eine Minute der kostbaren Zeit zu vergeuden, die mir noch bleibt.\u201d<\/h5>\n<h5>(Verfasser leider unbekannt)<\/h5>\n<p><a href=\"http:\/\/sylviatubbesing.de\/Gedankenfluege\/wp-content\/uploads\/2013\/08\/flieger.jpg\"><img loading=\"lazy\" decoding=\"async\" class=\"alignleft size-full wp-image-1038\" alt=\"flieger\" src=\"http:\/\/sylviatubbesing.de\/Gedankenfluege\/wp-content\/uploads\/2013\/08\/flieger.jpg\" width=\"720\" height=\"540\" \/><\/a><\/p>\n","protected":false},"excerpt":{"rendered":"<p>ich stolper gerade \u00fcber eine Geschichte, der ich nichts mehr hinzuf\u00fcgen kann. Der Mann hat einfach Recht und wir sollten bedenken, dass es auch heute -trotz des medizinischen Fortschrittes- nicht selbstverst\u00e4ndlich ist, dass wir unser Leben auch mit 90 noch &hellip; <a href=\"https:\/\/tubbsis.de\/?p=1037\">Continue reading <span class=\"meta-nav\">&rarr;<\/span><\/a><\/p>\n","protected":false},"author":1,"featured_media":0,"comment_status":"closed","ping_status":"open","sticky":false,"template":"","format":"standard","meta":{"jetpack_post_was_ever_published":false,"_jetpack_newsletter_access":"","_jetpack_dont_email_post_to_subs":false,"_jetpack_newsletter_tier_id":0,"_jetpack_memberships_contains_paywalled_content":false,"_jetpack_memberships_contains_paid_content":false,"footnotes":"","jetpack_publicize_message":"","jetpack_publicize_feature_enabled":true,"jetpack_social_post_already_shared":false,"jetpack_social_options":{"image_generator_settings":{"template":"highway","enabled":false},"version":2}},"categories":[2],"tags":[],"jetpack_publicize_connections":[],"jetpack_featured_media_url":"","jetpack_sharing_enabled":true,"jetpack_shortlink":"https:\/\/wp.me\/pa8Pt4-gJ","jetpack-related-posts":[],"jetpack_likes_enabled":true,"post_mailing_queue_ids":[],"_links":{"self":[{"href":"https:\/\/tubbsis.de\/index.php?rest_route=\/wp\/v2\/posts\/1037"}],"collection":[{"href":"https:\/\/tubbsis.de\/index.php?rest_route=\/wp\/v2\/posts"}],"about":[{"href":"https:\/\/tubbsis.de\/index.php?rest_route=\/wp\/v2\/types\/post"}],"author":[{"embeddable":true,"href":"https:\/\/tubbsis.de\/index.php?rest_route=\/wp\/v2\/users\/1"}],"replies":[{"embeddable":true,"href":"https:\/\/tubbsis.de\/index.php?rest_route=%2Fwp%2Fv2%2Fcomments&post=1037"}],"version-history":[{"count":0,"href":"https:\/\/tubbsis.de\/index.php?rest_route=\/wp\/v2\/posts\/1037\/revisions"}],"wp:attachment":[{"href":"https:\/\/tubbsis.de\/index.php?rest_route=%2Fwp%2Fv2%2Fmedia&parent=1037"}],"wp:term":[{"taxonomy":"category","embeddable":true,"href":"https:\/\/tubbsis.de\/index.php?rest_route=%2Fwp%2Fv2%2Fcategories&post=1037"},{"taxonomy":"post_tag","embeddable":true,"href":"https:\/\/tubbsis.de\/index.php?rest_route=%2Fwp%2Fv2%2Ftags&post=1037"}],"curies":[{"name":"wp","href":"https:\/\/api.w.org\/{rel}","templated":true}]}}